{"id":6354,"date":"2020-03-05T10:21:46","date_gmt":"2020-03-05T09:21:46","guid":{"rendered":"http:\/\/www.icchieri1.edu.it\/web\/?p=6354"},"modified":"2020-10-13T19:46:43","modified_gmt":"2020-10-13T17:46:43","slug":"proroga-sospensione-lezioni-fino-a-domenica-15-marzo-2020-e-apertura-segreteria-al-pubblico-2","status":"publish","type":"post","link":"https:\/\/www.icchieri1.edu.it\/web\/proroga-sospensione-lezioni-fino-a-domenica-15-marzo-2020-e-apertura-segreteria-al-pubblico-2\/","title":{"rendered":"PROROGA SOSPENSIONE LEZIONI FINO A DOMENICA 15 MARZO 2020 e APERTURA SEGRETERIA AL PUBBLICO"},"content":{"rendered":"<div class=\"fusion-fullwidth fullwidth-box fusion-builder-row-1 fusion-flex-container nonhundred-percent-fullwidth non-hundred-percent-height-scrolling\" style=\"--awb-border-radius-top-left:0px;--awb-border-radius-top-right:0px;--awb-border-radius-bottom-right:0px;--awb-border-radius-bottom-left:0px;--awb-flex-wrap:wrap;\" ><div class=\"fusion-builder-row fusion-row fusion-flex-align-items-flex-start fusion-flex-content-wrap\" style=\"max-width:1248px;margin-left: calc(-4% \/ 2 );margin-right: calc(-4% \/ 2 );\"><div class=\"fusion-layout-column fusion_builder_column fusion-builder-column-0 fusion_builder_column_1_1 1_1 fusion-flex-column\" style=\"--awb-bg-size:cover;--awb-width-large:100%;--awb-margin-top-large:0px;--awb-spacing-right-large:1.92%;--awb-margin-bottom-large:0px;--awb-spacing-left-large:1.92%;--awb-width-medium:100%;--awb-spacing-right-medium:1.92%;--awb-spacing-left-medium:1.92%;--awb-width-small:100%;--awb-spacing-right-small:1.92%;--awb-spacing-left-small:1.92%;\"><div class=\"fusion-column-wrapper fusion-flex-justify-content-flex-start fusion-content-layout-column\"><div class=\"fusion-text fusion-text-1\"><div class=\"vc_custom_heading vc_gitem-post-data vc_gitem-post-data-source-post_title\">\n<h4><\/h4>\n<h4>Come da D.P.C.M. del 04 marzo 2020 si comunica la proroga della sospensione delle attivit\u00e0 didattiche ed educative fino al giorno 15 marzo 2020.<\/h4>\n<h4>La segreteria sar\u00e0 aperta al pubblico da luned\u00ec 9 marzo a venerd\u00ec 13 marzo dalle ore 08:00 alle ore 09:00.<\/h4>\n<p><a href=\"http:\/\/www.governo.it\/sites\/new.governo.it\/files\/DPCM4MARZO2020.pdf\">http:\/\/www.governo.it\/sites\/new.governo.it\/files\/DPCM4MARZO2020.pdf<\/a><\/p>\n<\/div>\n<\/div><\/div><\/div><\/div><\/div>\n","protected":false},"excerpt":{"rendered":"","protected":false},"author":90,"featured_media":6318,"comment_status":"closed","ping_status":"closed","sticky":false,"template":"","format":"standard","meta":{"footnotes":""},"categories":[2],"tags":[],"class_list":["post-6354","post","type-post","status-publish","format-standard","has-post-thumbnail","hentry","category-news"],"_links":{"self":[{"href":"https:\/\/www.icchieri1.edu.it\/web\/wp-json\/wp\/v2\/posts\/6354","targetHints":{"allow":["GET"]}}],"collection":[{"href":"https:\/\/www.icchieri1.edu.it\/web\/wp-json\/wp\/v2\/posts"}],"about":[{"href":"https:\/\/www.icchieri1.edu.it\/web\/wp-json\/wp\/v2\/types\/post"}],"author":[{"embeddable":true,"href":"https:\/\/www.icchieri1.edu.it\/web\/wp-json\/wp\/v2\/users\/90"}],"replies":[{"embeddable":true,"href":"https:\/\/www.icchieri1.edu.it\/web\/wp-json\/wp\/v2\/comments?post=6354"}],"version-history":[{"count":2,"href":"https:\/\/www.icchieri1.edu.it\/web\/wp-json\/wp\/v2\/posts\/6354\/revisions"}],"predecessor-version":[{"id":7582,"href":"https:\/\/www.icchieri1.edu.it\/web\/wp-json\/wp\/v2\/posts\/6354\/revisions\/7582"}],"wp:featuredmedia":[{"embeddable":true,"href":"https:\/\/www.icchieri1.edu.it\/web\/wp-json\/wp\/v2\/media\/6318"}],"wp:attachment":[{"href":"https:\/\/www.icchieri1.edu.it\/web\/wp-json\/wp\/v2\/media?parent=6354"}],"wp:term":[{"taxonomy":"category","embeddable":true,"href":"https:\/\/www.icchieri1.edu.it\/web\/wp-json\/wp\/v2\/categories?post=6354"},{"taxonomy":"post_tag","embeddable":true,"href":"https:\/\/www.icchieri1.edu.it\/web\/wp-json\/wp\/v2\/tags?post=6354"}],"curies":[{"name":"wp","href":"https:\/\/api.w.org\/{rel}","templated":true}]}}